{"id":1804,"date":"2024-02-23T10:22:55","date_gmt":"2024-02-23T09:22:55","guid":{"rendered":"https:\/\/tresor.mr\/?p=1804"},"modified":"2024-02-27T23:34:12","modified_gmt":"2024-02-27T22:34:12","slug":"le-ministre-des-finances-sentretient-avec-la-representante-residente-du-fmi","status":"publish","type":"post","link":"https:\/\/tresor.mr\/ar\/2024\/02\/23\/le-ministre-des-finances-sentretient-avec-la-representante-residente-du-fmi\/","title":{"rendered":"Le Ministre des Finances s\u2019entretient avec la Repr\u00e9sentante r\u00e9sidente du FMI"},"content":{"rendered":"","protected":false},"excerpt":{"rendered":"","protected":false},"author":1,"featured_media":1805,"comment_status":"open","ping_status":"open","sticky":false,"template":"","format":"standard","meta":{"_acf_changed":false,"site-sidebar-layout":"default","site-content-layout":"","ast-site-content-layout":"","site-content-style":"default","site-sidebar-style":"default","ast-global-header-display":"","ast-banner-title-visibility":"","ast-main-header-display":"","ast-hfb-above-header-display":"","ast-hfb-below-header-display":"","ast-hfb-mobile-header-display":"","site-post-title":"","ast-breadcrumbs-content":"","ast-featured-img":"","footer-sml-layout":"","theme-transparent-header-meta":"","adv-header-id-meta":"","stick-header-meta":"","header-above-stick-meta":"","header-main-stick-meta":"","header-below-stick-meta":"","astra-migrate-meta-layouts":"default","ast-page-background-enabled":"default","ast-page-background-meta":{"desktop":{"background-color":"var(--ast-global-color-4)","background-image":"","background-repeat":"repeat","background-position":"center center","background-size":"auto","background-attachment":"scroll","background-type":"","background-media":"","overlay-type":"","overlay-color":"","overlay-gradient":""},"tablet":{"background-color":"","background-image":"","background-repeat":"repeat","background-position":"center center","background-size":"auto","background-attachment":"scroll","background-type":"","background-media":"","overlay-type":"","overlay-color":"","overlay-gradient":""},"mobile":{"background-color":"","background-image":"","background-repeat":"repeat","background-position":"center center","background-size":"auto","background-attachment":"scroll","background-type":"","background-media":"","overlay-type":"","overlay-color":"","overlay-gradient":""}},"ast-content-background-meta":{"desktop":{"background-color":"var(--ast-global-color-5)","background-image":"","background-repeat":"repeat","background-position":"center center","background-size":"auto","background-attachment":"scroll","background-type":"","background-media":"","overlay-type":"","overlay-color":"","overlay-gradient":""},"tablet":{"background-color":"var(--ast-global-color-5)","background-image":"","background-repeat":"repeat","background-position":"center center","background-size":"auto","background-attachment":"scroll","background-type":"","background-media":"","overlay-type":"","overlay-color":"","overlay-gradient":""},"mobile":{"background-color":"var(--ast-global-color-5)","background-image":"","background-repeat":"repeat","background-position":"center center","background-size":"auto","background-attachment":"scroll","background-type":"","background-media":"","overlay-type":"","overlay-color":"","overlay-gradient":""}},"footnotes":""},"categories":[34],"tags":[],"class_list":["post-1804","post","type-post","status-publish","format-standard","has-post-thumbnail","hentry","category-actualites"],"acf":{"fichier":"","fichier_fr":null,"titrear":"\u0648\u0632\u064a\u0631 \u0627\u0644\u0645\u0627\u0644\u064a\u0629 \u064a\u062c\u062a\u0645\u0639 \u0645\u0639 \u0627\u0644\u0645\u0645\u062b\u0644 \u0627\u0644\u0645\u0642\u064a\u0645 \u0644\u0635\u0646\u062f\u0648\u0642 \u0627\u0644\u0646\u0642\u062f \u0627\u0644\u062f\u0648\u0644\u064a","titrefr":"Le Ministre des Finances s\u2019entretient avec la Repr\u00e9sentante r\u00e9sidente du FMI","detail":"<span style=\"text-align: left;\">Le Ministre des Finances, M. Isselmou Ould Ahmed M\u2019Bady, s\u2019est entretenu, mardi \u00e0 Nouakchott, avec la Repr\u00e9sentante r\u00e9sidente du FMI en Mauritanie, Mme Anta Ndiaw.<\/span>\r\n<span style=\"text-align: left;\">Au cours de l\u2019entretien, les deux parties ont pass\u00e9 en revue les domaines de coop\u00e9ration existant entre la Mauritanie et cette institution mon\u00e9taire internationale, et les moyens de l\u2019am\u00e9liorer et de la d\u00e9velopper davantage.<\/span>","detail_ar":"\u0627\u0644\u062a\u0642\u0649 \u0648\u0632\u064a\u0631 \u0627\u0644\u0645\u0627\u0644\u064a\u0629 \u0627\u0644\u0633\u064a\u062f \u0627\u0633\u0644\u0645\u0648 \u0648\u0644\u062f \u0623\u062d\u0645\u062f \u0645\u0628\u0627\u062f\u064a\u060c \u0627\u0644\u064a\u0648\u0645 \u0627\u0644\u062b\u0644\u0627\u062b\u0627\u0621 \u0628\u0646\u0648\u0627\u0643\u0634\u0648\u0637\u060c \u0627\u0644\u0645\u0645\u062b\u0644\u0629 \u0627\u0644\u0645\u0642\u064a\u0645\u0629 \u0644\u0635\u0646\u062f\u0648\u0642 \u0627\u0644\u0646\u0642\u062f \u0627\u0644\u062f\u0648\u0644\u064a \u0641\u064a \u0645\u0648\u0631\u064a\u062a\u0627\u0646\u064a\u0627 \u0627\u0644\u0633\u064a\u062f\u0629 \u0623\u0646\u062a\u0627 \u0646\u062f\u064a\u0627\u0648.\r\n\u0648\u062a\u0645 \u062e\u0644\u0627\u0644 \u0627\u0644\u0644\u0642\u0627\u0621 \u0627\u0633\u062a\u0639\u0631\u0627\u0636 \u0645\u062c\u0627\u0644\u0627\u062a \u0627\u0644\u062a\u0639\u0627\u0648\u0646 \u0627\u0644\u0642\u0627\u0626\u0645\u0629 \u0628\u064a\u0646 \u0645\u0648\u0631\u064a\u062a\u0627\u0646\u064a\u0627 \u0648\u0647\u0630\u0647 \u0627\u0644\u0645\u0624\u0633\u0633\u0629 \u0627\u0644\u0646\u0642\u062f\u064a\u0629 \u0627\u0644\u062f\u0648\u0644\u064a\u0629 \u0648\u0633\u0628\u0644 \u062a\u062d\u0633\u064a\u0646\u0647\u0627 \u0648\u062a\u0637\u0648\u064a\u0631\u0647\u0627.","date":""},"_links":{"self":[{"href":"https:\/\/tresor.mr\/ar\/wp-json\/wp\/v2\/posts\/1804","targetHints":{"allow":["GET"]}}],"collection":[{"href":"https:\/\/tresor.mr\/ar\/wp-json\/wp\/v2\/posts"}],"about":[{"href":"https:\/\/tresor.mr\/ar\/wp-json\/wp\/v2\/types\/post"}],"author":[{"embeddable":true,"href":"https:\/\/tresor.mr\/ar\/wp-json\/wp\/v2\/users\/1"}],"replies":[{"embeddable":true,"href":"https:\/\/tresor.mr\/ar\/wp-json\/wp\/v2\/comments?post=1804"}],"version-history":[{"count":3,"href":"https:\/\/tresor.mr\/ar\/wp-json\/wp\/v2\/posts\/1804\/revisions"}],"predecessor-version":[{"id":1940,"href":"https:\/\/tresor.mr\/ar\/wp-json\/wp\/v2\/posts\/1804\/revisions\/1940"}],"wp:featuredmedia":[{"embeddable":true,"href":"https:\/\/tresor.mr\/ar\/wp-json\/wp\/v2\/media\/1805"}],"wp:attachment":[{"href":"https:\/\/tresor.mr\/ar\/wp-json\/wp\/v2\/media?parent=1804"}],"wp:term":[{"taxonomy":"category","embeddable":true,"href":"https:\/\/tresor.mr\/ar\/wp-json\/wp\/v2\/categories?post=1804"},{"taxonomy":"post_tag","embeddable":true,"href":"https:\/\/tresor.mr\/ar\/wp-json\/wp\/v2\/tags?post=1804"}],"curies":[{"name":"wp","href":"https:\/\/api.w.org\/{rel}","templated":true}]}}